{"id":1419,"date":"2009-05-29T08:16:43","date_gmt":"2009-05-29T06:16:43","guid":{"rendered":"http:\/\/simonas.bartkus.lt\/blog\/?p=1419"},"modified":"2009-05-29T08:22:50","modified_gmt":"2009-05-29T06:22:50","slug":"kaip-reaguotumete-i-tokia-naujiena","status":"publish","type":"post","link":"https:\/\/simonas.bartkus.lt\/blog\/2009\/05\/29\/kaip-reaguotumete-i-tokia-naujiena\/","title":{"rendered":"Kaip reaguotum\u0117te \u012f toki\u0105 naujien\u0105 &#8230;"},"content":{"rendered":"<p>I\u0161 trij\u0173 skirting\u0173 \u0161altini\u0173 i\u0161girdau tok\u012f gand\u0105 &#8211; liepos m\u0117nes\u012f &#8222;airBaltic&#8221; ketina atidaryti tiesioginius skryd\u017eius i\u0161 Vilniaus oro uosto \u012f London\u0105, Stokholm\u0105, galb\u016bt, \u012f dar kok\u012f Europos miest\u0105.<\/p>\n<p>Tai tik gandai, kurie realaus pagrindo neturi &#8211; tais gandais nelabai tikiu.<\/p>\n<p>Ta\u010diau pasvarstykim, kaip tai atrodyt\u0173, jeigu \u0161ie gandai pasitvirtint\u0173?<\/p>\n<p><em>Variantas A.<\/em> <a href=\"http:\/\/www.google.com\/url?sa=t&amp;source=web&amp;ct=res&amp;cd=3&amp;url=http%3A%2F%2Fvz.lt%2FDefault2.aspx%3FArticleID%3D1040a753-bddf-40a7-8671-d28880275d61&amp;ei=ZXcfSqnuHIarjAeum8m1Bg&amp;usg=AFQjCNFx_CpJ27nkClIiht5tWyw-BXKa-A&amp;sig2=N4UNv9PWiY_vdJUw91xxgg\" target=\"_blank\">&#8222;airBaltic&#8221; antrina Andriui Kubiliui<\/a>, kad kriz\u0117 Lietuvoje baig\u0117si. &#8222;airBaltic&#8221; teig\u0117, jog Vilniaus baz\u0117s skryd\u017ei\u0173 apkarpymas susij\u0119s tik su ekonomine krize Lietuvoje ir bendrov\u0117 gr\u012f\u0161 \u012f Vilni\u0173, kada tik ekonomin\u0117 pad\u0117tis pager\u0117s.<\/p>\n<p><em>Variantas B. <\/em>&#8222;airBaltic&#8221; tik ketina v\u0117l pagerinti skryd\u017ei\u0173 tarp Vilniaus ir Rygos statistik\u0105. Bus parduota kr\u016bva biliet\u0173 tiesioginiams skryd\u017eiams i\u0161 Vilniaus, \u012f &#8230;, o paskui visiems keleiviams bilietai bus pakeisti \u012f t\u0105 pat\u012f ta\u0161k\u0105 per Ryg\u0105.<\/p>\n<p><em>Variantas C.<\/em> &#8222;airBaltic&#8221; tiesiog stengsis i\u0161stumti i\u0161 mar\u0161rut\u0173 jau \u0161\u012f savaitgal\u012f skraidym\u0105 prad\u0117sian\u010di\u0105 &#8222;Skyways&#8221; bei <a href=\"http:\/\/simonas.bartkus.lt\/blog\/2009\/05\/25\/lietuviskas-vezejas-star1-airlines\/\" target=\"_blank\">ketinan\u010di\u0105 vasar\u0105 veikl\u0105 prad\u0117ti &#8222;Star1 Airlines&#8221;<\/a>.<\/p>\n<p>Toki\u0173 gand\u0173 pasitvirtinimas, be abejo, b\u016bt\u0173 geras keleiviams, ta\u010diau aviacijos rinkai, ka\u017ein &#8230;<\/p>\n<p>Dar kart\u0105 pakartosiu, jog tai tik gandai.<\/p>\n<p>Pana\u0161u \u012f tai, jog Kazakhstano bendrovei &#8222;SCAT&#8221; bus i\u0161nuomotas ir antrasis &#8222;flyLAL Charters&#8221; naudojamas &#8222;Boeing 757-200&#8221;. Vilniaus oro uosto l\u0117ktuv\u0173 steb\u0117tojai pamat\u0117, jog <a href=\"http:\/\/www.lt-vacc.org\/forumas\/viewtopic.php?f=14&amp;t=611&amp;start=660#p15979\" target=\"_blank\">abu 757 jau perda\u017eyti SCAT spalvomis<\/a>, nors dar atlieka &#8222;flyLAL Charters&#8221; reisus. Klausimas &#8211; kuom &#8222;flyLAL Charters&#8221; ve\u0161 atostogautojus \u012f Turkij\u0105, Ispanij\u0105, Graikij\u0105? Negi rinka tiek susitrauk\u0117, kad bus galima apskraityti vienu dviem 737?<\/p>\n<p>O pirmoji bir\u017eelio savait\u0117 bus \u012fdomi dviems Lietuvos oro uostams &#8211; kit\u0105 savait\u0119 <a href=\"http:\/\/simonas.bartkus.lt\/blog\/2009\/05\/06\/airbaltic-skraidys-is-kauno-i-ryga\/\" target=\"_blank\">Kauno oro uoste prasideda &#8222;airBaltic&#8221; skryd\u017eiai i\u0161 Rygos \u012f Kaun\u0105<\/a>, o jau \u0161\u012f <a href=\"http:\/\/simonas.bartkus.lt\/blog\/2009\/05\/08\/gera-ir-bloga-zinia-skyways-bus-aeroflot-nebus\/\" target=\"_blank\">sekmadien\u012f Vilniaus oro uoste tur\u0117t\u0173 leistis pirmasis &#8222;Skyways&#8221; l\u0117ktuvas<\/a>.<\/p>\n<p>&#8222;Fokker 50&#8221; skelbiu savait\u0117s l\u0117ktuvu :-) Na, o Vilniaus ir Kauno &#8222;planespotter&#8217;iai&#8221; tur\u0117s k\u0105 veikti.<\/p>\n","protected":false},"excerpt":{"rendered":"<p>I\u0161 trij\u0173 skirting\u0173 \u0161altini\u0173 i\u0161girdau tok\u012f gand\u0105 &#8211; liepos m\u0117nes\u012f &#8222;airBaltic&#8221; ketina atidaryti tiesioginius skryd\u017eius i\u0161 Vilniaus oro uosto \u012f London\u0105, Stokholm\u0105, galb\u016bt, \u012f dar kok\u012f Europos miest\u0105. Tai tik gandai, kurie realaus pagrindo neturi &#8211; tais gandais nelabai tikiu. Ta\u010diau pasvarstykim, kaip tai atrodyt\u0173, jeigu \u0161ie gandai pasitvirtint\u0173? Variantas A. &#8222;airBaltic&#8221; antrina Andriui Kubiliui, [&hellip;]<\/p>\n","protected":false},"author":2,"featured_media":0,"comment_status":"open","ping_status":"open","sticky":false,"template":"","format":"standard","meta":[],"categories":[23],"tags":[34,43],"_links":{"self":[{"href":"https:\/\/simonas.bartkus.lt\/blog\/wp-json\/wp\/v2\/posts\/1419"}],"collection":[{"href":"https:\/\/simonas.bartkus.lt\/blog\/wp-json\/wp\/v2\/posts"}],"about":[{"href":"https:\/\/simonas.bartkus.lt\/blog\/wp-json\/wp\/v2\/types\/post"}],"author":[{"embeddable":true,"href":"https:\/\/simonas.bartkus.lt\/blog\/wp-json\/wp\/v2\/users\/2"}],"replies":[{"embeddable":true,"href":"https:\/\/simonas.bartkus.lt\/blog\/wp-json\/wp\/v2\/comments?post=1419"}],"version-history":[{"count":3,"href":"https:\/\/simonas.bartkus.lt\/blog\/wp-json\/wp\/v2\/posts\/1419\/revisions"}],"predecessor-version":[{"id":1421,"href":"https:\/\/simonas.bartkus.lt\/blog\/wp-json\/wp\/v2\/posts\/1419\/revisions\/1421"}],"wp:attachment":[{"href":"https:\/\/simonas.bartkus.lt\/blog\/wp-json\/wp\/v2\/media?parent=1419"}],"wp:term":[{"taxonomy":"category","embeddable":true,"href":"https:\/\/simonas.bartkus.lt\/blog\/wp-json\/wp\/v2\/categories?post=1419"},{"taxonomy":"post_tag","embeddable":true,"href":"https:\/\/simonas.bartkus.lt\/blog\/wp-json\/wp\/v2\/tags?post=1419"}],"curies":[{"name":"wp","href":"https:\/\/api.w.org\/{rel}","templated":true}]}}