{"id":1719,"date":"2009-11-05T22:59:49","date_gmt":"2009-11-05T19:59:49","guid":{"rendered":"http:\/\/simonas.bartkus.lt\/blog\/?p=1719"},"modified":"2009-11-05T22:59:49","modified_gmt":"2009-11-05T19:59:49","slug":"aurela-sventiniu-laikotarpiu-skraidins-emigrantus","status":"publish","type":"post","link":"https:\/\/simonas.bartkus.lt\/blog\/2009\/11\/05\/aurela-sventiniu-laikotarpiu-skraidins-emigrantus\/","title":{"rendered":"&#8222;Aurela&#8221; \u0161ventiniu laikotarpiu skraidins emigrantus"},"content":{"rendered":"<p>Aviakompanija <a href=\"http:\/\/sc.bns.lt\/?item=82806&amp;rss=1\" target=\"_blank\">&#8222;Aurela&#8221; \u0161iandien prane\u0161\u0117 organizuosianti per art\u0117jant\u012f \u0161ventin\u012f laikotarp\u012f skryd\u017eius i\u0161 Vilniaus oro uosto<\/a> \u012f London\u0105 ir Dublin\u0105.<\/p>\n<blockquote><p>\u0160iandien aviakompanijos &#8222;Aurela&#8221; generalinis direktorius Valdas Barakauskas oficialiai prane\u0161\u0117 apie \u012fmon\u0117s naujien\u0105 \u2013 skryd\u017eius Kal\u0117d\u0173 ir Nauj\u0173j\u0173 met\u0173 periodu \u012f London\u0105 ir Dublin\u0105. &#8222;Matome ni\u0161\u0105 rinkoje, tod\u0117l bandome greitai reaguoti&#8221;, \u2013 kalb\u0117jo V. Barakauskas.<\/p>\n<p>Skryd\u017eiai i\u0161 Vilniaus \u012f Londono Stanstedo bei Dublino oro uostus bus vykdomi nuo gruod\u017eio 19 iki sausio 4 dienos. \u0160ventiniu periodu aviakompanija planuoja kelet\u0105 skryd\u017ei\u0173 min\u0117tomis kryptimis.<\/p><\/blockquote>\n<p>I\u0161 viso &#8222;Aurela&#8221; ketina suorganizuoti 8 reisus gruod\u017eio 19 &#8211; sausio 4 dienomis mar\u0161rutu Vilnius &#8211; Londono Stansted oro uostas &#8211; Dublinas &#8211; Vilnius. Keliaujantiems i\u0161 Vilniaus \u012f Dublin\u0105 bei i\u0161 Londono \u012f Vilni\u0173 skrydis nebus labai patogus, kadangi teks patirti tarpin\u012f nusileidim\u0105 bei d\u0117l to \u017eenkliai pailg\u0117jusi\u0105 skryd\u017eio trukm\u0119. &#8222;Aurela&#8221; tai bandys kompensuoti nemokama kava ir sultimis skryd\u017eio metu.<\/p>\n<p>Prie\u0161 por\u0105 savai\u010di\u0173 <a href=\"http:\/\/www.visitlithuania.lt\/blog\/star1-airlines-papildomi-skrydziai\/\" target=\"_blank\">&#8222;Star1 Airlines&#8221; prane\u0161\u0117, jog \u012f \u0161ventin\u012f tvarkara\u0161t\u012f \u012fdeda dar papildomus du skryd\u017eius \u012f Dublin\u0105<\/a>. I\u0161 viso \u0161ventiniu laikotarpiu &#8222;Star1 Airlines&#8221; \u012fvykdys 9 tiesioginius reisus Vilnius-Dublinas-Vilnius.<\/p>\n<p>\u0160ventiniai skryd\u017eiai i\u0161 Jungin\u0117s Karalyst\u0117s \u012f Lietuv\u0105 yra tikra &#8222;pinig\u0173 ma\u0161ina&#8221; visoms \u0161iuos mar\u0161rutus vykdan\u010dioms oro bendrov\u0117ms, tod\u0117l n\u0117ra labai nuostabu, jog saldaus pyrago nori atsik\u0105sti ne viena bendrov\u0117.<\/p>\n<p>&#8222;Aurelos&#8221; atveju reikia tik\u0117tis, jog j\u0173 bandymas u\u017esiimti savaranki\u0161ka reguliari\u0173j\u0173 (nors \u0161iai dienai ir trumpalaiki\u0173) skryd\u017ei\u0173 veikla nesibaigs tik vienkartiniu \u0161ventiniu paskraidymu. &#8222;Aurelos&#8221; laukia gana <a href=\"http:\/\/www.aurela.lt\" target=\"_blank\">didelis i\u0161\u0161\u016bkis per savo naujai sukurt\u0105 kanal\u0105<\/a> (grei\u010diausiai tai bus vienintelis biliet\u0173 platinimo kanalas) parduoti apie 2000 biliet\u0173 &#8211; teks skirti nema\u017eai pastang\u0173 ir l\u0117\u0161\u0173 naujos interneto svetain\u0117s reklamai. Ta\u010diau investicija \u012f dabartin\u012f \u017einomumo didinim\u0105 pasitarnaut\u0173 ir ateityje vykdant kitus skryd\u017eius.<\/p>\n","protected":false},"excerpt":{"rendered":"<p>Aviakompanija &#8222;Aurela&#8221; \u0161iandien prane\u0161\u0117 organizuosianti per art\u0117jant\u012f \u0161ventin\u012f laikotarp\u012f skryd\u017eius i\u0161 Vilniaus oro uosto \u012f London\u0105 ir Dublin\u0105. \u0160iandien aviakompanijos &#8222;Aurela&#8221; generalinis direktorius Valdas Barakauskas oficialiai prane\u0161\u0117 apie \u012fmon\u0117s naujien\u0105 \u2013 skryd\u017eius Kal\u0117d\u0173 ir Nauj\u0173j\u0173 met\u0173 periodu \u012f London\u0105 ir Dublin\u0105. &#8222;Matome ni\u0161\u0105 rinkoje, tod\u0117l bandome greitai reaguoti&#8221;, \u2013 kalb\u0117jo V. Barakauskas. Skryd\u017eiai i\u0161 Vilniaus [&hellip;]<\/p>\n","protected":false},"author":2,"featured_media":0,"comment_status":"open","ping_status":"open","sticky":false,"template":"","format":"standard","meta":[],"categories":[23],"tags":[],"_links":{"self":[{"href":"https:\/\/simonas.bartkus.lt\/blog\/wp-json\/wp\/v2\/posts\/1719"}],"collection":[{"href":"https:\/\/simonas.bartkus.lt\/blog\/wp-json\/wp\/v2\/posts"}],"about":[{"href":"https:\/\/simonas.bartkus.lt\/blog\/wp-json\/wp\/v2\/types\/post"}],"author":[{"embeddable":true,"href":"https:\/\/simonas.bartkus.lt\/blog\/wp-json\/wp\/v2\/users\/2"}],"replies":[{"embeddable":true,"href":"https:\/\/simonas.bartkus.lt\/blog\/wp-json\/wp\/v2\/comments?post=1719"}],"version-history":[{"count":2,"href":"https:\/\/simonas.bartkus.lt\/blog\/wp-json\/wp\/v2\/posts\/1719\/revisions"}],"predecessor-version":[{"id":1721,"href":"https:\/\/simonas.bartkus.lt\/blog\/wp-json\/wp\/v2\/posts\/1719\/revisions\/1721"}],"wp:attachment":[{"href":"https:\/\/simonas.bartkus.lt\/blog\/wp-json\/wp\/v2\/media?parent=1719"}],"wp:term":[{"taxonomy":"category","embeddable":true,"href":"https:\/\/simonas.bartkus.lt\/blog\/wp-json\/wp\/v2\/categories?post=1719"},{"taxonomy":"post_tag","embeddable":true,"href":"https:\/\/simonas.bartkus.lt\/blog\/wp-json\/wp\/v2\/tags?post=1719"}],"curies":[{"name":"wp","href":"https:\/\/api.w.org\/{rel}","templated":true}]}}