{"id":240,"date":"2007-12-09T23:27:37","date_gmt":"2007-12-09T20:27:37","guid":{"rendered":"http:\/\/simonas.bartkus.lt\/blog\/2007\/12\/09\/koncertas-vietoje-operos-ir-atvirksciai\/"},"modified":"2007-12-10T00:11:53","modified_gmt":"2007-12-09T22:11:53","slug":"koncertas-vietoje-operos-ir-atvirksciai","status":"publish","type":"post","link":"https:\/\/simonas.bartkus.lt\/blog\/2007\/12\/09\/koncertas-vietoje-operos-ir-atvirksciai\/","title":{"rendered":"Koncertas vietoje operos ir atvirk\u0161\u010diai"},"content":{"rendered":"<p>Per pra\u0117jusi\u0105 savait\u0119 teko apsilankyti dviejuose renginiuose, kurie tarsi susikeit\u0117 savo vietomis.<\/p>\n<p>Pirmadien\u012f <a href=\"http:\/\/www.opera.lt\" target=\"_blank\">Nacionaliniame Operos ir Baleto Teatre<\/a> <a href=\"http:\/\/www.kaunasjazz.lt\/\" target=\"_blank\">&#8222;Kaunas Jazz&#8221;<\/a> festivalis sureng\u0117 <a href=\"http:\/\/www.kaunasjazz.lt\/index.php?lan=LT&amp;id=12_1&amp;program_id=237\" target=\"_blank\">Arturo Sandoval koncert\u0105<\/a>.<\/p>\n<p>Sekmadien\u012f Vilniaus Kongres\u0173 R\u016bmuose \u017ei\u016br\u0117jome <a href=\"http:\/\/www.bilietai.lt\/axtweb\/view\/evt-desc\/1.0-lt-EDS001000002422\">Wolfgango Amadejaus Mozarto oper\u0105 &#8222;U\u017eburtoji fleita&#8221;<\/a>.<img decoding=\"async\" src=\"http:\/\/simonas.bartkus.lt\/blog\/wp-content\/uploads\/2007\/12\/sandoval.jpg\" alt=\"sandoval.jpg\" align=\"right\" hspace=\"10\" vspace=\"10\" \/><\/p>\n<p>\u012edomu yra tai, jog da\u017eniausiai <a href=\"http:\/\/www.kaunasjazz.lt\/\" target=\"_blank\">&#8222;Kaunas Jazz&#8221;<\/a> renginiai vyksta b\u016btent Kongres\u0173 r\u016bmuose, tuo tarpu oper\u0105 esame \u012fprat\u0119 \u017ei\u016br\u0117ti Operos ir Baleto teatre. Naujausia Dalios Ibelhauptait\u0117s re\u017eisuota opera &#8222;prieglobst\u012f&#8221; rado <a href=\"http:\/\/www.lvso.lt\/\" target=\"_blank\">Lietuvos valstybinio simfoninio orkestro<\/a> &#8222;namuose&#8221;, tod\u0117l <a href=\"http:\/\/www.kaunasjazz.lt\/\" target=\"_blank\">&#8222;Kaunas Jazz&#8221;<\/a> Met\u0173 koncertas nukeliavo \u012f kit\u0105 Vilniaus gatv\u0117s pus\u0119.<\/p>\n<p>Abu renginiai i\u0161 tikr\u0173j\u0173 yra labai kokybi\u0161ki. Arturas Sandoval su grupe sugrojo \u012fsp\u016bdingai. &#8222;U\u017eburtosios fleitos&#8221; pastatymas tikrai \u017eavi &#8211; nuo \u012fsp\u016bding\u0173 kostium\u0173 (by Juozas Statkevi\u010dius) ir dekoracij\u0173 iki nema\u017eiau \u012fsp\u016bdingos muzikos ir bals\u0173.<img decoding=\"async\" src=\"http:\/\/simonas.bartkus.lt\/blog\/wp-content\/uploads\/2007\/12\/fleita.jpeg\" alt=\"fleita.jpeg\" align=\"left\" hspace=\"10\" vspace=\"10\" \/><\/p>\n<p>Visgi, pamat\u0119s abu renginius galiu pasakyti, jog jeigu sukeistume erdves, kuriose vyko renginiai, vietomis, rezultatas b\u016bt\u0173 dar geresnis. A.Sandoval Operos ir Baleto teatro sal\u0117je skamb\u0117jo per garsiai &#8211; matyt, \u0161ios sal\u0117s akustika yra &#8222;per gera&#8221; mikrofonais \u012fgarsintiems instrumentams. Tuo tarpu &#8222;U\u017eburtajai fleitai&#8221; Kongres\u0173 r\u016bm\u0173 sal\u0117je tiesiog fizi\u0161kai tr\u016bksta vietos &#8211; dekoracijos ir gausyb\u0117 atlik\u0117j\u0173 priversti dalintis scena, o prie\u0161 j\u0105 dar susigr\u016bd\u0119s visas Lietuvos valstybinis simfoninis orkestras.<\/p>\n<p>Atrodo, kad \u0161io &#8222;susikeitimo&#8221; istorija gana lietuvi\u0161ka &#8211; atskira operos trup\u0117 stato spektaklius kitose vietose, kadangi Nacionalinio Operos ir Baleto teatro scena &#8222;Rinkevi\u010diui+Ibelhauptaitei+Statkevi\u010diui&#8221; yra u\u017edaryta.<\/p>\n<p>(Ne \u012f tem\u0105) P.S. Vietin\u0117s reik\u0161m\u0117s vi\u0161telei <a href=\"http:\/\/www.lrytas.lt\/?id=11970480071195539968&amp;view=4\" target=\"_blank\">Agnei Jagelavi\u010di\u016btei visai nuva\u017eiavo stogas<\/a>, bet a\u010di\u016bdie, tai netapo savaitgalio top&#8217;ine naujiena: <a href=\"http:\/\/www.lrytas.lt\/?id=11972241911195607834&amp;view=4\" target=\"_blank\">R.Berankis kuria istorij\u0105 sporto \u0161akoje<\/a>, kuri iki \u0161iol Lietuvoje buvo &#8222;so so&#8221;.<\/p>\n","protected":false},"excerpt":{"rendered":"<p>Per pra\u0117jusi\u0105 savait\u0119 teko apsilankyti dviejuose renginiuose, kurie tarsi susikeit\u0117 savo vietomis. Pirmadien\u012f Nacionaliniame Operos ir Baleto Teatre &#8222;Kaunas Jazz&#8221; festivalis sureng\u0117 Arturo Sandoval koncert\u0105. Sekmadien\u012f Vilniaus Kongres\u0173 R\u016bmuose \u017ei\u016br\u0117jome Wolfgango Amadejaus Mozarto oper\u0105 &#8222;U\u017eburtoji fleita&#8221;. \u012edomu yra tai, jog da\u017eniausiai &#8222;Kaunas Jazz&#8221; renginiai vyksta b\u016btent Kongres\u0173 r\u016bmuose, tuo tarpu oper\u0105 esame \u012fprat\u0119 \u017ei\u016br\u0117ti Operos [&hellip;]<\/p>\n","protected":false},"author":2,"featured_media":0,"comment_status":"open","ping_status":"open","sticky":false,"template":"","format":"standard","meta":[],"categories":[15,6,17],"tags":[],"_links":{"self":[{"href":"https:\/\/simonas.bartkus.lt\/blog\/wp-json\/wp\/v2\/posts\/240"}],"collection":[{"href":"https:\/\/simonas.bartkus.lt\/blog\/wp-json\/wp\/v2\/posts"}],"about":[{"href":"https:\/\/simonas.bartkus.lt\/blog\/wp-json\/wp\/v2\/types\/post"}],"author":[{"embeddable":true,"href":"https:\/\/simonas.bartkus.lt\/blog\/wp-json\/wp\/v2\/users\/2"}],"replies":[{"embeddable":true,"href":"https:\/\/simonas.bartkus.lt\/blog\/wp-json\/wp\/v2\/comments?post=240"}],"version-history":[{"count":0,"href":"https:\/\/simonas.bartkus.lt\/blog\/wp-json\/wp\/v2\/posts\/240\/revisions"}],"wp:attachment":[{"href":"https:\/\/simonas.bartkus.lt\/blog\/wp-json\/wp\/v2\/media?parent=240"}],"wp:term":[{"taxonomy":"category","embeddable":true,"href":"https:\/\/simonas.bartkus.lt\/blog\/wp-json\/wp\/v2\/categories?post=240"},{"taxonomy":"post_tag","embeddable":true,"href":"https:\/\/simonas.bartkus.lt\/blog\/wp-json\/wp\/v2\/tags?post=240"}],"curies":[{"name":"wp","href":"https:\/\/api.w.org\/{rel}","templated":true}]}}